{"id":1839,"date":"2024-06-03T11:57:51","date_gmt":"2024-06-03T09:57:51","guid":{"rendered":"https:\/\/frequences.aarbeta.ch\/temps-present-reise-ins-land-der-westschweizer-heiler\/"},"modified":"2024-08-14T10:28:49","modified_gmt":"2024-08-14T08:28:49","slug":"temps-present-reise-ins-land-der-westschweizer-heiler","status":"publish","type":"post","link":"https:\/\/www.frequences.ch\/de\/temps-present-reise-ins-land-der-westschweizer-heiler\/","title":{"rendered":"Temps pr\u00e9sent &#8211; Reise ins Land der Westschweizer Heiler"},"content":{"rendered":"\n<p>Sie heilen Verbrennungen, Ekzeme, Warzen, G\u00fcrtelrose und Allergien und werden mit Anfragen von Patienten \u00fcberh\u00e4uft, die oftmals die Wege der Medizin ausgesch\u00f6pft haben. Die Wissenschaft interessiert sich immer mehr f\u00fcr die tats\u00e4chlichen oder vermeintlichen Kr\u00e4fte der Heiler. Es ist jedoch schwierig, sich in dieser geheimnisvollen Welt zurechtzufinden, in der Scharlatane und Betr\u00fcger neben sch\u00f6nen, selbstlosen Seelen stehen, die unerkl\u00e4rliche und spektakul\u00e4re Heilungen bewirken k\u00f6nnen.<\/p>\n\n<div class=\"wp-block-file\"><a href=\"https:\/\/www.frequences.ch\/wp-content\/uploads\/2024\/06\/temps-present.png\" target=\"_blank\" rel=\"noreferrer noopener\">Temps pr\u00e9sent &#8211; Reise ins Land der Westschweizer Heiler<\/a><\/div>\n","protected":false},"excerpt":{"rendered":"<p>Sie heilen Verbrennungen, Ekzeme, Warzen, G\u00fcrtelrose und Allergien und werden mit Anfragen von Patienten \u00fcberh\u00e4uft, die oftmals die Wege der Medizin ausgesch\u00f6pft haben. Die Wissenschaft interessiert sich immer mehr f\u00fcr [&hellip;]<\/p>\n","protected":false},"author":2,"featured_media":1316,"comment_status":"closed","ping_status":"closed","sticky":false,"template":"","format":"standard","meta":{"iawp_total_views":7,"footnotes":""},"categories":[63],"tags":[],"class_list":["post-1839","post","type-post","status-publish","format-standard","has-post-thumbnail","hentry","category-presse-de"],"_links":{"self":[{"href":"https:\/\/www.frequences.ch\/de\/wp-json\/wp\/v2\/posts\/1839","targetHints":{"allow":["GET"]}}],"collection":[{"href":"https:\/\/www.frequences.ch\/de\/wp-json\/wp\/v2\/posts"}],"about":[{"href":"https:\/\/www.frequences.ch\/de\/wp-json\/wp\/v2\/types\/post"}],"author":[{"embeddable":true,"href":"https:\/\/www.frequences.ch\/de\/wp-json\/wp\/v2\/users\/2"}],"replies":[{"embeddable":true,"href":"https:\/\/www.frequences.ch\/de\/wp-json\/wp\/v2\/comments?post=1839"}],"version-history":[{"count":1,"href":"https:\/\/www.frequences.ch\/de\/wp-json\/wp\/v2\/posts\/1839\/revisions"}],"predecessor-version":[{"id":1840,"href":"https:\/\/www.frequences.ch\/de\/wp-json\/wp\/v2\/posts\/1839\/revisions\/1840"}],"wp:featuredmedia":[{"embeddable":true,"href":"https:\/\/www.frequences.ch\/de\/wp-json\/wp\/v2\/media\/1316"}],"wp:attachment":[{"href":"https:\/\/www.frequences.ch\/de\/wp-json\/wp\/v2\/media?parent=1839"}],"wp:term":[{"taxonomy":"category","embeddable":true,"href":"https:\/\/www.frequences.ch\/de\/wp-json\/wp\/v2\/categories?post=1839"},{"taxonomy":"post_tag","embeddable":true,"href":"https:\/\/www.frequences.ch\/de\/wp-json\/wp\/v2\/tags?post=1839"}],"curies":[{"name":"wp","href":"https:\/\/api.w.org\/{rel}","templated":true}]}}