{"id":1845,"date":"2024-05-30T10:25:52","date_gmt":"2024-05-30T08:25:52","guid":{"rendered":"https:\/\/frequences.aarbeta.ch\/recto-verseau-ein-artikel-von-hannes-jacob\/"},"modified":"2024-08-14T10:38:29","modified_gmt":"2024-08-14T08:38:29","slug":"recto-verseau-ein-artikel-von-hannes-jacob","status":"publish","type":"post","link":"https:\/\/www.frequences.ch\/de\/recto-verseau-ein-artikel-von-hannes-jacob\/","title":{"rendered":"Recto-Verseau, ein Artikel von Hannes Jacob"},"content":{"rendered":"\n<p>Ein Artikel von Hannes Jacob in Recto-Verseau, N\u00b0192 vom Oktober 2008<\/p>\n\n<h3 class=\"wp-block-heading\">Die Ratgeber<\/h3>\n\n<ul class=\"wp-block-list\">\n<li>Die Definitionen<\/li>\n\n\n\n<li>Kulturen und Glaubensrichtungen<\/li>\n\n\n\n<li>Der Verstand und das Ego<\/li>\n\n\n\n<li>Die Wahrnehmungen<\/li>\n\n\n\n<li>Ihre Rolle, Resonanz, Glaube und Demut<\/li>\n<\/ul>\n\n<p>Durch meine Reisen, meine Begegnungen mit verschiedenen V\u00f6lkern, Lehrern und Sch\u00fclern so unterschiedlicher Nationalit\u00e4ten und Glaubensrichtungen versuche ich, dieses umfangreiche Thema &#8220;einzukreisen&#8221;.<\/p>\n\n<p>Mir ist klar, und ich nehme an, auch jedem Leser, dass alles, was man lesen oder h\u00f6ren kann, niemals mit der pers\u00f6nlichen Erfahrung gleichzusetzen ist.<\/p>\n\n<p>F\u00fcr die Analyse des umfangreichen Themas &#8220;Reisef\u00fchrer&#8221; lohnt es sich, zu versuchen, die m\u00f6glichen Quellen oder Definitionen des Wortes und noch mehr des Reisef\u00fchrers selbst zu verstehen.<\/p>\n\n<ol class=\"wp-block-list\">\n<li>Die Akzeptanz der Existenz einer anderen Intelligenz jenseits der physischen Welt; f\u00fcr die meisten ist dies ein Wesen mit einer h\u00f6heren Intelligenz, einem h\u00f6heren Wissen und einer h\u00f6heren Spiritualit\u00e4t als der unseren. Ihre Daseinsberechtigung w\u00e4re bedingungslose Liebe und Unterst\u00fctzung bei der Erlangung eines h\u00f6heren Bewusstseins.<\/li>\n\n\n\n<li>Sie k\u00f6nnen nahe Verstorbene wie Eltern, Freunde, Lehrer usw. sein. Sie begleiten uns nach unserem physischen Tod bis zum \u00dcbergang in die geistige Welt, das &#8220;Jenseits&#8221;.<\/li>\n\n\n\n<li>Unser h\u00f6heres Bewusstsein, das Selbst, und in die gleiche Kategorie fallen Abdr\u00fccke von Personen, die wir in fr\u00fcheren Leben h\u00e4tten sein k\u00f6nnen und deren vergangenes Wissen unser Energiefeld gespeichert hat.<\/li>\n\n\n\n<li>Die g\u00f6ttliche Kraft oder das, was als &#8220;Gott&#8221; bezeichnet wird, als direkte Quelle, die eine durch die Wahl unseres Verstandes geschaffene Form annimmt, die oft eng mit unseren \u00dcberzeugungen und Kulturen verbunden ist.<\/li>\n\n\n\n<li>Unsere Illusion, die Psychose, die der tats\u00e4chlichen Wahrnehmung so nahe kommt, aber ein einziges Produkt unseres Verstandes, unserer Dissoziation und unserer &#8220;hysterischen Trance&#8221; ist.<\/li>\n<\/ol>\n\n<h3 class=\"wp-block-heading\">Kulturen und \u00dcberzeugungen<\/h3>\n\n<p>Wie kann es sein, dass ein Buddhist von Bodhisattva spricht, ein Christ von Schutzengeln und der Heiligen Jungfrau, ein Hindu von Shiva und ein Jude von Abraham?<\/p>\n\n<p>Haben wir ein Recht auf bestimmte F\u00fchrer, die unserem Glauben entsprechen, oder produziert unser Verstand das Bild, das dem Dogma entspricht, das uns beherrscht?<\/p>\n\n<p>Ich erlaube mir, zwischen Dogmen und Religionen sowie zwischen Glauben und tats\u00e4chlichen ESP (au\u00dfersinnliche Wahrnehmungen) zu unterscheiden.<\/p>\n\n<p>Es ist klar, dass Begegnungen mit Menschen, die an Dogmen gebunden sind, zu stereotypen Zeugnissen f\u00fchren; undogmatischen Gl\u00e4ubigen offenbaren sich die himmlischen Wesen auf vielf\u00e4ltigere Weise.<\/p>\n\n<p>Ich glaube, ich habe verstanden, dass beide Gruppen einen echten Zugang zu h\u00f6heren Intelligenzen haben k\u00f6nnen, aber dass diese Wesen die Form annehmen werden, die wir akzeptieren k\u00f6nnen, die unser Verstand verarbeiten und akzeptieren kann.<\/p>\n\n<p>Wir k\u00f6nnen uns zu Recht fragen, inwieweit diese F\u00fchrer Individualit\u00e4ten sind oder wo das kollektive (himmlische) Bewusstsein, der &#8220;Heilige Geist&#8221; &#8211; nicht nach der Definition der Religion &#8211; beginnt. Dieses Bewusstsein steht jedem zur Verf\u00fcgung, der wirklich nach Aufstieg strebt, und es nimmt gerade entsprechend unserer geistigen und spirituellen F\u00e4higkeiten Gestalt an.<\/p>\n\n<h3 class=\"wp-block-heading\">Das Ego und der Verstand<\/h3>\n\n<p>Ich kann dieses Thema mit Gelassenheit angehen, denn ich habe diese beiden Seiten der menschlichen Pers\u00f6nlichkeit selbst erlebt. Die der Selbstprojektion in die Ph\u00e4nomene und die dieser unglaublichen, unbeschreiblichen Sch\u00f6nheit und Kraft der Begegnungen mit Wesen der bedingungslosen Liebe.<\/p>\n\n<p>Ich habe in meiner Praxis mehrere Patienten mit schweren Psychosen empfangen, die zum Beispiel glauben, dass ihr F\u00fchrer der S\u00e4nger Claude Fran\u00e7ois ist und dass er zeitweise in ihnen wohnt.<\/p>\n\n<p>Andere delegieren alle ihre Handlungen und Verantwortlichkeiten an die F\u00fchrer. Leider wird kein Lichtwesen jemals an ihrer Stelle entscheiden oder ihr Leben leben.<\/p>\n\n<p>Ich habe schon viele Egos gesehen, die damit prahlen, dass ihr F\u00fchrer m\u00e4chtiger ist als der Engel ihres Nachbarn, und andere versichern, dass sie nur mit Meistern &#8220;arbeiten&#8221;, weil Engel im Vergleich dazu nichts wert sind!<\/p>\n\n<p>Ein \u00fcberm\u00e4\u00dfiges Ego ist genauso gef\u00e4hrlich wie ein Mangel an Selbstvertrauen. Wenn wir mit einem F\u00fchrer in Verbindung stehen, sollten wir ihm einfach vertrauen. Er kennt uns von A bis Z, mit all unseren St\u00e4rken, aber vor allem mit unseren Herausforderungen.<\/p>\n\n<p>Das Ego macht es uns nicht leicht, einander zu begegnen, und schon gar nicht der geistigen Welt. Wie k\u00f6nnte ein himmlischer Arzt uns bei unseren Behandlungen unterst\u00fctzen, wenn unser&#13;\nunser Geist auf einen glatzk\u00f6pfigen, muskul\u00f6sen Shaolin-M\u00f6nch fixiert ist, und, und, und&#8230;.<\/p>\n\n<h3 class=\"wp-block-heading\">Die Wahrnehmungen<\/h3>\n\n<p>Ich habe das Gl\u00fcck, Momente gro\u00dfer Hellsichtigkeit zu haben, und gleichzeitig das Gl\u00fcck, ein extrem kartesianischer Mensch zu sein.<\/p>\n\n<p>Von seltenen Ausnahmen abgesehen, habe ich mich immer geweigert, meinen Klienten die Reisef\u00fchrer zu beschreiben, selbst wenn ich sie sehr deutlich sehen konnte.<\/p>\n\n<p>Damit soll eine Konditionierung auf ein bestimmtes Bild vermieden werden, was m\u00f6glicherweise den Zugang zu anderen himmlischen Wesen verschlie\u00dfen w\u00fcrde, im Gegensatz zu einer medialen Sitzung, in der das Medium sagt, dass es Kontakt zu einem verstorbenen Vater oder einer verstorbenen Mutter hat.<\/p>\n\n<p>In diesem Fall ist es notwendig, die Person, ihre physischen Aspekte und spezifischen Merkmale genau zu beschreiben, um die Realit\u00e4t ihrer Anwesenheit sowie die Realit\u00e4t des Lebens nach dem physischen Tod zu beweisen.<\/p>\n\n<p>Ich glaube fest daran, dass wir von der Geburt bis zur R\u00fcckkehr einen &#8220;Schutzengel&#8221; haben. Ich habe auch viele Beweise daf\u00fcr, dass wir von Gruppen umgeben sind und dass in diesen Gruppen &#8220;Individuen&#8221; oder Erscheinungen sich in Bezug auf unsere Besch\u00e4ftigungen, Entwicklungsstadien und nat\u00fcrlich in Bezug auf unsere Resonanz ver\u00e4ndern. Unter Resonanz verstehe ich also die Qualit\u00e4t unseres Feldes oder Geistes in diesem Moment.<\/p>\n\n<p><strong>Wahrnehmungen:<\/strong><\/p>\n\n<ol class=\"wp-block-list\">\n<li>Geistige Medialit\u00e4t<\/li>\n\n\n\n<li>Physische Medialit\u00e4t<\/li>\n\n\n\n<li>Astralreise<\/li>\n<\/ol>\n\n<ol class=\"wp-block-list\">\n<li>Die meisten Wahrnehmungen werden der Kategorie &#8220;mentale Medialit\u00e4t&#8221; zugeordnet. Das hei\u00dft, dass die Person, die die Erfahrung macht, die einzige ist, die wahrnimmt. Die Wahrnehmung kann objektiv oder subjektiv sein. Objektiv: Man sieht ein Wesen mit blo\u00dfem Auge vor sich. Subjektive Wahrnehmung findet in unserem Inneren statt, in unserer &#8220;Vorstellungswelt&#8221;, aber sie ist nicht imagin\u00e4r. Dasselbe gilt f\u00fcr die Clairraudizit\u00e4t, das Clairressentium oder auch Clairsentium genannt.<\/li>\n\n\n\n<li>Bei der physischen Medialit\u00e4t ist das Ph\u00e4nomen f\u00fcr alle anwesenden Personen mit blo\u00dfem Auge wahrnehmbar und f\u00fcr alle gleich. Wir sprechen dann von Materialisationen, Einbringungen und D\u00fcften.<\/li>\n\n\n\n<li>Die Astralreise, die eine OBE (out of body experience) sein kann, das Verlassen des Astralk\u00f6rpers au\u00dferhalb des physischen K\u00f6rpers und das Erleben einer Begegnung, geschieht oft w\u00e4hrend des Schlafs. Es ist auch ein Zugang zu einer anderen Dimension durch einen Teil unseres Geistes, da dieser nicht von geografischen Grenzen abh\u00e4ngig ist.<\/li>\n<\/ol>\n\n<h3 class=\"wp-block-heading\">Schlussfolgerung<\/h3>\n\n<p>Ein Wesen kann keine hochentwickelte Spiritualit\u00e4t f\u00fcr sich beanspruchen, weil es eine au\u00dfersinnliche Wahrnehmung hat.<\/p>\n\n<p>Ein Medium kann egoistisch, geizig, eitel, berechnend usw. sein.<\/p>\n\n<p>Diese M\u00e4ngel werden ihn nicht davon abhalten, sich mit der geistigen Welt zu verbinden. Es ist entweder eine Frage der pers\u00f6nlichen Veranlagung oder eine Frage der \u00dcbung.<\/p>\n\n<p>Die Wahl der Art, wie wir diese nat\u00fcrlichen F\u00e4higkeiten unseres Geistes nutzen, ist das, was uns erm\u00f6glicht, unsere Spiritualit\u00e4t im Hinblick auf die Aus\u00fcbung von Werten und pers\u00f6nlicher Qualit\u00e4t zu entwickeln.<\/p>\n\n<p>Dadurch werden wir f\u00fcr gute Zwecke gebunden und geh\u00f6ren zu denjenigen, die in bescheidener Weise dabei helfen, eine bewusstere und ges\u00fcndere Gesellschaft zu schaffen.<\/p>\n\n<p>Ich habe Engel und F\u00fchrer gesehen, ich habe eine menschliche Hand gesch\u00fcttelt, die aus dem Nichts materialisiert wurde, z\u00e4rtlich und warm. Ich hatte die Ehre von Dutzenden von Materialisierungen verschiedener D\u00fcfte in meinen Handfl\u00e4chen w\u00e4hrend meiner Behandlungen.<\/p>\n\n<p>Habt Glauben, ihr seid geliebt, haltet den Glauben.<\/p>\n\n<p>Wenn es mir passiert ist, kann es jedem passieren.<\/p>\n\n<p>M\u00f6ge der Glaube mit euch sein, aber auch die Vernunft&#8230;.<\/p>\n\n<p><strong>Hannes Jacob, Direktor von Fr\u00e9quences, Schweizer Schule f\u00fcr Medialit\u00e4t in Neuch\u00e2tel.<\/strong><\/p>\n\n<div class=\"wp-block-file\"><a id=\"wp-block-file--media-a4c7b18e-5f48-4398-b67d-28d57d2c9a4a\" href=\"https:\/\/www.frequences.ch\/wp-content\/uploads\/2024\/05\/Recto-Verseau.pdf\" target=\"_blank\" rel=\"noreferrer noopener\">Recto-Verseau, ein Artikel von Hannes Jacob<\/a><\/div>\n","protected":false},"excerpt":{"rendered":"<p>Ein Artikel von Hannes Jacob in Recto-Verseau, N\u00b0192 vom Oktober 2008 Die Ratgeber Durch meine Reisen, meine Begegnungen mit verschiedenen V\u00f6lkern, Lehrern und Sch\u00fclern so unterschiedlicher Nationalit\u00e4ten und Glaubensrichtungen versuche [&hellip;]<\/p>\n","protected":false},"author":2,"featured_media":1291,"comment_status":"closed","ping_status":"closed","sticky":false,"template":"","format":"standard","meta":{"iawp_total_views":10,"footnotes":""},"categories":[63],"tags":[],"class_list":["post-1845","post","type-post","status-publish","format-standard","has-post-thumbnail","hentry","category-presse-de"],"_links":{"self":[{"href":"https:\/\/www.frequences.ch\/de\/wp-json\/wp\/v2\/posts\/1845","targetHints":{"allow":["GET"]}}],"collection":[{"href":"https:\/\/www.frequences.ch\/de\/wp-json\/wp\/v2\/posts"}],"about":[{"href":"https:\/\/www.frequences.ch\/de\/wp-json\/wp\/v2\/types\/post"}],"author":[{"embeddable":true,"href":"https:\/\/www.frequences.ch\/de\/wp-json\/wp\/v2\/users\/2"}],"replies":[{"embeddable":true,"href":"https:\/\/www.frequences.ch\/de\/wp-json\/wp\/v2\/comments?post=1845"}],"version-history":[{"count":1,"href":"https:\/\/www.frequences.ch\/de\/wp-json\/wp\/v2\/posts\/1845\/revisions"}],"predecessor-version":[{"id":1846,"href":"https:\/\/www.frequences.ch\/de\/wp-json\/wp\/v2\/posts\/1845\/revisions\/1846"}],"wp:featuredmedia":[{"embeddable":true,"href":"https:\/\/www.frequences.ch\/de\/wp-json\/wp\/v2\/media\/1291"}],"wp:attachment":[{"href":"https:\/\/www.frequences.ch\/de\/wp-json\/wp\/v2\/media?parent=1845"}],"wp:term":[{"taxonomy":"category","embeddable":true,"href":"https:\/\/www.frequences.ch\/de\/wp-json\/wp\/v2\/categories?post=1845"},{"taxonomy":"post_tag","embeddable":true,"href":"https:\/\/www.frequences.ch\/de\/wp-json\/wp\/v2\/tags?post=1845"}],"curies":[{"name":"wp","href":"https:\/\/api.w.org\/{rel}","templated":true}]}}