{"id":1855,"date":"2024-05-27T15:17:05","date_gmt":"2024-05-27T13:17:05","guid":{"rendered":"https:\/\/frequences.aarbeta.ch\/elektroenzephalogramm\/"},"modified":"2024-08-14T10:41:47","modified_gmt":"2024-08-14T08:41:47","slug":"elektroenzephalogramm","status":"publish","type":"post","link":"https:\/\/www.frequences.ch\/de\/elektroenzephalogramm\/","title":{"rendered":"Elektroenzephalogramm"},"content":{"rendered":"\n<p>Elektroenzephalogramm, erstellt am Institut f\u00fcr Gehirnforschung in Stuttgart, best\u00e4tigt in der Neurologischen Klinik Kanton Bern, d. h. extrem langsame Gehirnaktivit\u00e4t (Theta- und Delta-Frequenz).<\/p>\n<figure class=\"wp-block-post-featured-image\"><img fetchpriority=\"high\" decoding=\"async\" width=\"1635\" height=\"1381\" src=\"https:\/\/www.frequences.ch\/wp-content\/uploads\/2024\/05\/elektroencipgalogram.jpg\" class=\"attachment-post-thumbnail size-post-thumbnail wp-post-image\" alt=\"\" style=\"object-fit:cover;\" srcset=\"https:\/\/www.frequences.ch\/wp-content\/uploads\/2024\/05\/elektroencipgalogram.jpg 1635w, https:\/\/www.frequences.ch\/wp-content\/uploads\/2024\/05\/elektroencipgalogram-300x253.jpg 300w, https:\/\/www.frequences.ch\/wp-content\/uploads\/2024\/05\/elektroencipgalogram-1024x865.jpg 1024w, https:\/\/www.frequences.ch\/wp-content\/uploads\/2024\/05\/elektroencipgalogram-768x649.jpg 768w, https:\/\/www.frequences.ch\/wp-content\/uploads\/2024\/05\/elektroencipgalogram-1536x1297.jpg 1536w, https:\/\/www.frequences.ch\/wp-content\/uploads\/2024\/05\/elektroencipgalogram-600x507.jpg 600w\" sizes=\"(max-width: 1635px) 100vw, 1635px\" \/><\/figure>","protected":false},"excerpt":{"rendered":"<p>Elektroenzephalogramm, erstellt am Institut f\u00fcr Gehirnforschung in Stuttgart, best\u00e4tigt in der Neurologischen Klinik Kanton Bern, d. h. extrem langsame Gehirnaktivit\u00e4t (Theta- und Delta-Frequenz).<\/p>\n","protected":false},"author":2,"featured_media":1199,"comment_status":"closed","ping_status":"closed","sticky":false,"template":"","format":"standard","meta":{"iawp_total_views":2,"footnotes":""},"categories":[64],"tags":[],"class_list":["post-1855","post","type-post","status-publish","format-standard","has-post-thumbnail","hentry","category-wissenschaftlicher-ansatz"],"_links":{"self":[{"href":"https:\/\/www.frequences.ch\/de\/wp-json\/wp\/v2\/posts\/1855","targetHints":{"allow":["GET"]}}],"collection":[{"href":"https:\/\/www.frequences.ch\/de\/wp-json\/wp\/v2\/posts"}],"about":[{"href":"https:\/\/www.frequences.ch\/de\/wp-json\/wp\/v2\/types\/post"}],"author":[{"embeddable":true,"href":"https:\/\/www.frequences.ch\/de\/wp-json\/wp\/v2\/users\/2"}],"replies":[{"embeddable":true,"href":"https:\/\/www.frequences.ch\/de\/wp-json\/wp\/v2\/comments?post=1855"}],"version-history":[{"count":1,"href":"https:\/\/www.frequences.ch\/de\/wp-json\/wp\/v2\/posts\/1855\/revisions"}],"predecessor-version":[{"id":1856,"href":"https:\/\/www.frequences.ch\/de\/wp-json\/wp\/v2\/posts\/1855\/revisions\/1856"}],"wp:featuredmedia":[{"embeddable":true,"href":"https:\/\/www.frequences.ch\/de\/wp-json\/wp\/v2\/media\/1199"}],"wp:attachment":[{"href":"https:\/\/www.frequences.ch\/de\/wp-json\/wp\/v2\/media?parent=1855"}],"wp:term":[{"taxonomy":"category","embeddable":true,"href":"https:\/\/www.frequences.ch\/de\/wp-json\/wp\/v2\/categories?post=1855"},{"taxonomy":"post_tag","embeddable":true,"href":"https:\/\/www.frequences.ch\/de\/wp-json\/wp\/v2\/tags?post=1855"}],"curies":[{"name":"wp","href":"https:\/\/api.w.org\/{rel}","templated":true}]}}