{"id":1859,"date":"2024-05-27T14:28:52","date_gmt":"2024-05-27T12:28:52","guid":{"rendered":"https:\/\/frequences.aarbeta.ch\/bericht-ueber-die-messungen-bei-herrn-hannes-jacob-am-5-juli-2012\/"},"modified":"2024-08-14T10:45:39","modified_gmt":"2024-08-14T08:45:39","slug":"bericht-ueber-die-messungen-bei-herrn-hannes-jacob-am-5-juli-2012","status":"publish","type":"post","link":"https:\/\/www.frequences.ch\/de\/bericht-ueber-die-messungen-bei-herrn-hannes-jacob-am-5-juli-2012\/","title":{"rendered":"Bericht \u00fcber die Messungen bei Herrn Hannes Jacob am 5. Juli 2012"},"content":{"rendered":"\n<p>Bericht \u00fcber die Messungen, die Hannes Jacob an der Universit\u00e4t T\u00fcbingen durchgef\u00fchrt hat. Dieser Bericht ist vollst\u00e4ndig auf Deutsch, Ausz\u00fcge sind auf Franz\u00f6sisch verf\u00fcgbar.<\/p>\n\n<p>Dieser Bericht behandelt die Messungen, die bei Hannes Jacob w\u00e4hrend verschiedener Bewusstseinszust\u00e4nde durchgef\u00fchrt wurden.<\/p>\n\n<p>Um den vollst\u00e4ndigen Messbericht in Deutsch herunterzuladen, <a href=\"https:\/\/www.frequences.ch\/wp-content\/uploads\/2024\/05\/bericht_schweiz4.pdf\" target=\"_blank\" rel=\"noopener\">klicken Sie bitte hier<\/a>.<\/p>\n\n<p>Um den vollst\u00e4ndigen Messbericht in Franz\u00f6sisch herunterzuladen, <a href=\"https:\/\/www.frequences.ch\/wp-content\/uploads\/2024\/05\/bericht_schweiz4.pdf\" target=\"_blank\" rel=\"noopener\">klicken Sie bitte hier<\/a>.<\/p>\n","protected":false},"excerpt":{"rendered":"<p>Bericht \u00fcber die Messungen, die Hannes Jacob an der Universit\u00e4t T\u00fcbingen durchgef\u00fchrt hat. Dieser Bericht ist vollst\u00e4ndig auf Deutsch, Ausz\u00fcge sind auf Franz\u00f6sisch verf\u00fcgbar. Dieser Bericht behandelt die Messungen, die [&hellip;]<\/p>\n","protected":false},"author":2,"featured_media":1176,"comment_status":"closed","ping_status":"closed","sticky":false,"template":"elementor_header_footer","format":"standard","meta":{"iawp_total_views":3,"footnotes":""},"categories":[64],"tags":[],"class_list":["post-1859","post","type-post","status-publish","format-standard","has-post-thumbnail","hentry","category-wissenschaftlicher-ansatz"],"_links":{"self":[{"href":"https:\/\/www.frequences.ch\/de\/wp-json\/wp\/v2\/posts\/1859","targetHints":{"allow":["GET"]}}],"collection":[{"href":"https:\/\/www.frequences.ch\/de\/wp-json\/wp\/v2\/posts"}],"about":[{"href":"https:\/\/www.frequences.ch\/de\/wp-json\/wp\/v2\/types\/post"}],"author":[{"embeddable":true,"href":"https:\/\/www.frequences.ch\/de\/wp-json\/wp\/v2\/users\/2"}],"replies":[{"embeddable":true,"href":"https:\/\/www.frequences.ch\/de\/wp-json\/wp\/v2\/comments?post=1859"}],"version-history":[{"count":1,"href":"https:\/\/www.frequences.ch\/de\/wp-json\/wp\/v2\/posts\/1859\/revisions"}],"predecessor-version":[{"id":1860,"href":"https:\/\/www.frequences.ch\/de\/wp-json\/wp\/v2\/posts\/1859\/revisions\/1860"}],"wp:featuredmedia":[{"embeddable":true,"href":"https:\/\/www.frequences.ch\/de\/wp-json\/wp\/v2\/media\/1176"}],"wp:attachment":[{"href":"https:\/\/www.frequences.ch\/de\/wp-json\/wp\/v2\/media?parent=1859"}],"wp:term":[{"taxonomy":"category","embeddable":true,"href":"https:\/\/www.frequences.ch\/de\/wp-json\/wp\/v2\/categories?post=1859"},{"taxonomy":"post_tag","embeddable":true,"href":"https:\/\/www.frequences.ch\/de\/wp-json\/wp\/v2\/tags?post=1859"}],"curies":[{"name":"wp","href":"https:\/\/api.w.org\/{rel}","templated":true}]}}